[{"@context":"https:\/\/schema.org\/","@type":"Article","@id":"https:\/\/www.astevia.cz\/profesionalni-fotograf-pro-vase-vzpominky\/#Article","mainEntityOfPage":"https:\/\/www.astevia.cz\/profesionalni-fotograf-pro-vase-vzpominky\/","headline":"Profesion\u00e1ln\u00ed fotograf pro va\u0161e vzpom\u00ednky","name":"Profesion\u00e1ln\u00ed fotograf pro va\u0161e vzpom\u00ednky","description":"Nen&Atilde;&shy; nad to uchovat si vzpom&Atilde;&shy;nky na neopakovateln&Atilde;&copy; &Aring;&frac34;ivotn&Atilde;&shy; miln&Atilde;&shy;ky, jako je nap&Aring;&#8482;&Atilde;&shy;klad t&Auml;&#8250;hotenstv&Atilde;&shy;, narozen&Atilde;&shy; miminka a dal&Aring;&iexcl;&Atilde;&shy; zaj&Atilde;&shy;mav&Atilde;&copy; okam&Aring;&frac34;iky. Profesion&Atilde;&iexcl;ln&Atilde;&shy; fotograf Zl&Atilde;&shy;n Kate&Aring;&#8482;ina Svobodov&Atilde;&iexcl; zachyt&Atilde;&shy; tyto kr&Atilde;&iexcl;sn&Atilde;&copy; chv&Atilde;&shy;le &Auml;o&Auml;kou fotoapar&Atilde;&iexcl;tu a vy si je pak budete moci v budoucnu kdykoliv p&Aring;&#8482;ipomenout. Ateli&Atilde;&copy;r nebo exteri&Atilde;&copy;r &acirc;&#8364;&#8220; sn&Atilde;&shy;mky, na kter&Atilde;&frac12;ch se zastavil &Auml;as A&Aring;&yen; u&Aring;&frac34; se [&hellip;]","datePublished":"2021-03-16","dateModified":"2023-10-11","author":{"@type":"Person","@id":"https:\/\/www.astevia.cz\/author\/#Person","name":"","url":"https:\/\/www.astevia.cz\/author\/","identifier":1,"image":{"@type":"ImageObject","@id":"https:\/\/secure.gravatar.com\/avatar\/89f417dfbb336d235b856435ef935ffa51c2f646edc1f5c4e6fccf32a9c88173?s=96&d=mm&r=g","url":"https:\/\/secure.gravatar.com\/avatar\/89f417dfbb336d235b856435ef935ffa51c2f646edc1f5c4e6fccf32a9c88173?s=96&d=mm&r=g","height":96,"width":96}},"publisher":{"@type":"Organization","name":"astevia.cz","logo":{"@type":"ImageObject","@id":"\/logo.png","url":"\/logo.png","width":600,"height":60}},"image":{"@type":"ImageObject","@id":"https:\/\/www.astevia.cz\/wp-content\/uploads\/focen%C3%AD%20d%C4%9Bt%C3%AD.jpg","url":"https:\/\/www.astevia.cz\/wp-content\/uploads\/focen%C3%AD%20d%C4%9Bt%C3%AD.jpg","height":0,"width":0},"url":"https:\/\/www.astevia.cz\/profesionalni-fotograf-pro-vase-vzpominky\/","about":["Spole\u010dnosti"],"wordCount":764,"articleBody":" Nen&Atilde;&shy; nad to uchovat si vzpom&Atilde;&shy;nky na neopakovateln&Atilde;&copy; &Aring;&frac34;ivotn&Atilde;&shy; miln&Atilde;&shy;ky, jako je nap&Aring;&#8482;&Atilde;&shy;klad t&Auml;&#8250;hotenstv&Atilde;&shy;, narozen&Atilde;&shy; miminka a dal&Aring;&iexcl;&Atilde;&shy; zaj&Atilde;&shy;mav&Atilde;&copy; okam&Aring;&frac34;iky. Profesion&Atilde;&iexcl;ln&Atilde;&shy; fotograf Zl&Atilde;&shy;n Kate&Aring;&#8482;ina Svobodov&Atilde;&iexcl; zachyt&Atilde;&shy; tyto kr&Atilde;&iexcl;sn&Atilde;&copy; chv&Atilde;&shy;le &Auml;o&Auml;kou fotoapar&Atilde;&iexcl;tu a vy si je pak budete moci v budoucnu kdykoliv p&Aring;&#8482;ipomenout.  Ateli&Atilde;&copy;r nebo exteri&Atilde;&copy;r &acirc;&#8364;&#8220; sn&Atilde;&shy;mky, na kter&Atilde;&frac12;ch se zastavil &Auml;asA&Aring;&yen; u&Aring;&frac34; se rozhodnete pro n&Atilde;&iexcl;v&Aring;&iexcl;t&Auml;&#8250;vu profesion&Atilde;&iexcl;ln&Atilde;&shy;ho ateli&Atilde;&copy;ru, kde na v&Atilde;&iexcl;s bude &Auml;ekat spousta zaj&Atilde;&shy;mav&Atilde;&frac12;ch a origin&Atilde;&iexcl;ln&Atilde;&shy;ch rekvizit nebo rad&Auml;&#8250;ji zvol&Atilde;&shy;te pobyt v kr&Atilde;&iexcl;sn&Atilde;&copy; p&Aring;&#8482;&Atilde;&shy;rod&Auml;&#8250; &Auml;i na zaj&Atilde;&shy;mav&Atilde;&copy;m m&Atilde;&shy;st&Auml;&#8250;, b&Auml;&#8250;hem p&Atilde;&iexcl;r okam&Aring;&frac34;ik&Aring;&macr; mohou vzniknout sn&Atilde;&shy;mky, na kter&Atilde;&frac12;ch se zastavil &Auml;as. Vzpom&Atilde;&shy;nky na t&Auml;&#8250;hotensk&Atilde;&copy; b&Aring;&#8482;&Atilde;&shy;&Aring;&iexcl;koPokud jste pr&Atilde;&iexcl;v&Auml;&#8250; v o&Auml;ek&Atilde;&iexcl;v&Atilde;&iexcl;n&Atilde;&shy; a va&Aring;&iexcl;e b&Aring;&#8482;&Atilde;&shy;&Aring;&iexcl;ko u&Aring;&frac34; je viditeln&Atilde;&copy;, nechte si na toto nezapomenuteln&Atilde;&copy; obdob&Atilde;&shy; vytvo&Aring;&#8482;it kr&Atilde;&iexcl;sn&Atilde;&copy; vzpom&Atilde;&shy;nky. Ta prav&Atilde;&iexcl; doba je p&Aring;&#8482;ibli&Aring;&frac34;n&Auml;&#8250; kolem 34. t&Atilde;&frac12;dne. Profesion&Atilde;&iexcl;ln&Atilde;&shy; focen&Atilde;&shy; v tomto obdob&Atilde;&shy; je ide&Atilde;&iexcl;ln&Atilde;&shy;m d&Atilde;&iexcl;rkem pro partnera a z&Atilde;&iexcl;rove&Aring;&#710; i pam&Atilde;&iexcl;tkou na va&Aring;&iexcl;e t&Auml;&#8250;hotenstv&Atilde;&shy;. Skv&Auml;&#8250;lou zpr&Atilde;&iexcl;vou je tak&Atilde;&copy; to, &Aring;&frac34;e v cen&Auml;&#8250; t&Auml;&#8250;hotensk&Atilde;&frac12;ch portr&Atilde;&copy;t&Aring;&macr; je i profesion&Atilde;&iexcl;ln&Atilde;&shy; l&Atilde;&shy;&Auml;en&Atilde;&shy;. Nechte se zachytit jako kr&Atilde;&iexcl;sn&Atilde;&iexcl; t&Auml;&#8250;hulka a prom&Auml;&#8250;&Aring;&#710;te se ve v&Atilde;&shy;lu nebo princeznu na sn&Atilde;&shy;mc&Atilde;&shy;ch pln&Atilde;&frac12;ch n&Auml;&#8250;hy, l&Atilde;&iexcl;sky a bl&Atilde;&shy;&Aring;&frac34;&Atilde;&shy;c&Atilde;&shy;ho se zrozen&Atilde;&shy; &Aring;&frac34;ivota.Novorozeneck&Atilde;&copy; sn&Atilde;&shy;mkyA na obdob&Atilde;&shy; t&Auml;&#8250;hotenstv&Atilde;&shy; navazuje obdob&Atilde;&shy; novorozeneck&Atilde;&copy;, kter&Atilde;&copy; je ide&Atilde;&iexcl;ln&Atilde;&shy; dobou pro vznik kr&Atilde;&iexcl;sn&Atilde;&frac12;ch a roztomil&Atilde;&frac12;ch profi fotek. V prvn&Atilde;&shy;ch t&Atilde;&frac12;dnech &Aring;&frac34;ivota toti&Aring;&frac34; miminka v&Auml;&#8250;t&Aring;&iexcl;inu dne prosp&Atilde;&shy;, a to je ide&Atilde;&iexcl;ln&Atilde;&shy; doba na to, ulo&Aring;&frac34;it je do prout&Auml;&#8250;n&Atilde;&frac12;ch ko&Aring;&iexcl;&Atilde;&shy;k&Aring;&macr; a pe&Aring;&#8482;inek, ve kter&Atilde;&frac12;ch budou vypadat jako and&Atilde;&shy;lci.Rodinn&Atilde;&copy; a d&Auml;&#8250;tsk&Atilde;&copy; portr&Atilde;&copy;tov&Atilde;&copy; fotografieI jako rodina se m&Aring;&macr;&Aring;&frac34;ete vypravit do profesion&Atilde;&iexcl;ln&Atilde;&shy;ho ateli&Atilde;&copy;ru nebo se nechat zv&Auml;&#8250;&Auml;nit t&Aring;&#8482;eba v parku, v lese nebo na louce. Nechte zv&Auml;&#8250;&Auml;nit i va&Aring;&iexcl;e ratolesti, a&Aring;&yen; u&Aring;&frac34; samotn&Atilde;&copy; nebo spolu s jejich sourozenci a p&Auml;&#8250;kn&Atilde;&frac12;mi rekvizitami.Vyu&Aring;&frac34;ijte slu&Aring;&frac34;eb profesion&Atilde;&iexcl;ln&Atilde;&shy; fotografky a vyberte si n&Auml;&#8250;kter&Atilde;&frac12; z nab&Atilde;&shy;zen&Atilde;&frac12;ch bal&Atilde;&shy;&Auml;k&Aring;&macr; a slu&Aring;&frac34;eb.                                                                                                                                                                                                                                                                                                                                                                                         3.6\/5 - (10 votes)        "},{"@context":"https:\/\/schema.org\/","@type":"BreadcrumbList","itemListElement":[{"@type":"ListItem","position":1,"name":"Profesion\u00e1ln\u00ed fotograf pro va\u0161e vzpom\u00ednky","item":"https:\/\/www.astevia.cz\/profesionalni-fotograf-pro-vase-vzpominky\/#breadcrumbitem"}]}]