[{"@context":"https:\/\/schema.org\/","@type":"Article","@id":"https:\/\/www.astevia.cz\/cim-viac-svetla-tym-lepsie\/#Article","mainEntityOfPage":"https:\/\/www.astevia.cz\/cim-viac-svetla-tym-lepsie\/","headline":"\u010c\u00edm viac svetla, t\u00fdm lep\u0161ie","name":"\u010c\u00edm viac svetla, t\u00fdm lep\u0161ie","description":"M\u00e1te nejak\u00e9 najob\u013e\u00fabenej\u0161ie ro\u010dn\u00e9 obdobie? A\u00a0\u010do to najmenej ob\u013e\u00faben\u00e9? Ka\u017ed\u00fd to m\u00e1 zrejme inak, ale m\u00f4j rebr\u00ed\u010dek ro\u010dn\u00fdch obdob\u00ed sa riadi d\u013a\u017ekou svetla po\u010das d\u0148a. Najrad\u0161ej m\u00e1m leto, ke\u010f m\u00f4\u017eeme v\u0161etci by\u0165 vonku do neskor\u00fdch hod\u00edn a\u00a0ni\u010d n\u00e1m pritom nevad\u00ed a\u00a0najmen\u0161ej ob\u013eube sa te\u0161\u00ed zima s\u00a0kr\u00e1tkym d\u0148om a\u00a0pre m\u0148a skoro nekone\u010dnou tmou. In\u00fd poh\u013ead Tento [&hellip;]","datePublished":"2024-01-21","dateModified":"2024-01-21","author":{"@type":"Person","@id":"https:\/\/www.astevia.cz\/author\/#Person","name":"","url":"https:\/\/www.astevia.cz\/author\/","identifier":1,"image":{"@type":"ImageObject","@id":"https:\/\/secure.gravatar.com\/avatar\/89f417dfbb336d235b856435ef935ffa51c2f646edc1f5c4e6fccf32a9c88173?s=96&d=mm&r=g","url":"https:\/\/secure.gravatar.com\/avatar\/89f417dfbb336d235b856435ef935ffa51c2f646edc1f5c4e6fccf32a9c88173?s=96&d=mm&r=g","height":96,"width":96}},"publisher":{"@type":"Organization","name":"astevia.cz","logo":{"@type":"ImageObject","@id":"\/logo.png","url":"\/logo.png","width":600,"height":60}},"url":"https:\/\/www.astevia.cz\/cim-viac-svetla-tym-lepsie\/","wordCount":234,"articleBody":"M\u00e1te nejak\u00e9 najob\u013e\u00fabenej\u0161ie ro\u010dn\u00e9 obdobie? A\u00a0\u010do to najmenej ob\u013e\u00faben\u00e9? Ka\u017ed\u00fd to m\u00e1 zrejme inak, ale m\u00f4j rebr\u00ed\u010dek ro\u010dn\u00fdch obdob\u00ed sa riadi d\u013a\u017ekou svetla po\u010das d\u0148a. Najrad\u0161ej m\u00e1m leto, ke\u010f m\u00f4\u017eeme v\u0161etci by\u0165 vonku do neskor\u00fdch hod\u00edn a\u00a0ni\u010d n\u00e1m pritom nevad\u00ed a\u00a0najmen\u0161ej ob\u013eube sa te\u0161\u00ed zima s\u00a0kr\u00e1tkym d\u0148om a\u00a0pre m\u0148a skoro nekone\u010dnou tmou.\tIn\u00fd poh\u013eadTento rok sa v\u0161ak m\u00f4j star\u0161\u00ed syn star\u00e1 o\u00a0to, aby som svoje pocity prehodnotila. V\u010deraj\u0161\u00ed dlh\u00fd ve\u010der sme napr\u00edklad tr\u00e1vili vydlab\u00e1van\u00edm tekvice a\u00a0vytv\u00e1ran\u00edm toho najsmie\u0161nej\u0161ieho svetlonosa, ak\u00e9ho sme kedy videli. Jeho rados\u0165 po zap\u00e1len\u00ed svie\u010dky bola tak\u00e1 n\u00e1kazliv\u00e1, \u017ee u\u017e sa asi na podobn\u00e9 akcie budem te\u0161i\u0165 ka\u017ed\u00fd rok. Potom n\u00e1s e\u0161te \u010dak\u00e1 p\u00edsanie listu Je\u017ei\u0161kovi, \u010distenie top\u00e1nok pre Mikul\u00e1\u0161a, a\u00a0v\u00a0neposlednom rade novoro\u010denky. Deti sa rady podie\u013eaj\u00fa na dospel\u00e1ckych \u010dinnostiach, preto ich rada zap\u00e1jam. Nakreslia kr\u00e1sne obr\u00e1zky, ktor\u00e9 dodaj\u00fa p\u00f4vodne nudn\u00fdm \u017eelaniam \u0161mrnc a\u00a0punc originality. A\u00a0k\u00a0tomu spolu zmysluplne tr\u00e1vime spolo\u010dn\u00fd \u010das. Mo\u017eno t\u00e1 nekone\u010dn\u00e1 tma m\u00e1 predsa len nie\u010do do seba.                                                                                                                                                                                                                                                                                                                                                                                        4\/5 - (8 votes)        "},{"@context":"https:\/\/schema.org\/","@type":"BreadcrumbList","itemListElement":[{"@type":"ListItem","position":1,"name":"\u010c\u00edm viac svetla, t\u00fdm lep\u0161ie","item":"https:\/\/www.astevia.cz\/cim-viac-svetla-tym-lepsie\/#breadcrumbitem"}]}]