[{"@context":"https:\/\/schema.org\/","@type":"Article","@id":"https:\/\/www.astevia.cz\/cestovani-letadlem\/#Article","mainEntityOfPage":"https:\/\/www.astevia.cz\/cestovani-letadlem\/","headline":"Cestov\u00e1n\u00ed letadlem","name":"Cestov\u00e1n\u00ed letadlem","description":"V\u017edycky na konci roku jsem r\u00e1da, \u017ee si kone\u010dn\u011b zase budu vyb\u00edrat n\u011bjakou dovolenou. Proto\u017ee opravdu hodn\u011b psychicky n\u00e1ro\u010dnou pr\u00e1ci, jsem toti\u017e u\u010ditelka. Tak\u017ee jist\u011b u\u017e v\u0161ichni v\u00edte, \u017ee pr\u00e1ce u\u010ditelky je opravdu n\u00e1ro\u010dn\u00e1, a to hlavn\u011b na psychiku. A vzpom\u00edn\u00e1m si taky na r\u016fzn\u00e9 p\u0159\u00edpady, kdy jsme m\u011bli ve t\u0159\u00edd\u011b dva velice slo\u017eit\u00e9 studenty. [&hellip;]","datePublished":"2022-10-28","dateModified":"2023-06-07","author":{"@type":"Person","@id":"https:\/\/www.astevia.cz\/author\/#Person","name":"","url":"https:\/\/www.astevia.cz\/author\/","identifier":1,"image":{"@type":"ImageObject","@id":"https:\/\/secure.gravatar.com\/avatar\/89f417dfbb336d235b856435ef935ffa51c2f646edc1f5c4e6fccf32a9c88173?s=96&d=mm&r=g","url":"https:\/\/secure.gravatar.com\/avatar\/89f417dfbb336d235b856435ef935ffa51c2f646edc1f5c4e6fccf32a9c88173?s=96&d=mm&r=g","height":96,"width":96}},"publisher":{"@type":"Organization","name":"astevia.cz","logo":{"@type":"ImageObject","@id":"\/logo.png","url":"\/logo.png","width":600,"height":60}},"image":{"@type":"ImageObject","@id":"https:\/\/www.astevia.cz\/wp-content\/uploads\/double-decker-2795557_960_720.jpg","url":"https:\/\/www.astevia.cz\/wp-content\/uploads\/double-decker-2795557_960_720.jpg","height":0,"width":0},"url":"https:\/\/www.astevia.cz\/cestovani-letadlem\/","about":["Cestov\u00e1n\u00ed"],"wordCount":426,"articleBody":"V\u017edycky na konci roku jsem r\u00e1da, \u017ee si kone\u010dn\u011b zase budu vyb\u00edrat n\u011bjakou dovolenou. Proto\u017ee opravdu hodn\u011b psychicky n\u00e1ro\u010dnou pr\u00e1ci, jsem toti\u017e u\u010ditelka. Tak\u017ee jist\u011b u\u017e v\u0161ichni v\u00edte, \u017ee pr\u00e1ce u\u010ditelky je opravdu n\u00e1ro\u010dn\u00e1, a to hlavn\u011b na psychiku. A vzpom\u00edn\u00e1m si taky na r\u016fzn\u00e9 p\u0159\u00edpady, kdy jsme m\u011bli ve t\u0159\u00edd\u011b dva velice slo\u017eit\u00e9 studenty. Ani nev\u00edm, jak to s nimi nakonec\u00a0v\u0161echno dopadlo, proto\u017ee jsme byli s ostatn\u00edmi u\u010diteli opravdu bezradn\u00ed, proto\u017ee ti dva studenti v na\u0161\u00ed sedm\u00e9 t\u0159\u00edd\u011b byli opravdu nehor\u00e1zn\u011b sprost\u00ed a taky drz\u00ed. Ani nev\u00edm, jak jsem to tam vydr\u017eela, ale vydr\u017eela jsem tam je\u0161t\u011b dal\u0161\u00ed \u010dty\u0159i roky, ne\u017e jsem ode\u0161la.Absolutn\u011b to v t\u00e9 \u0161kole u\u017e ne\u0161lo vydr\u017eet, tak\u017ee jsem si \u0159ekla, \u017ee se d\u00e1m alespo\u0148 do cestov\u00e1n\u00ed, abych si odpo\u010dinula. A \u0159ekla jsem si, \u017ee si d\u00e1m od \u0161koly alespo\u0148 t\u0159i roky oraz a budu cestovat. U kvalitn\u00ed cestovn\u00ed kancel\u00e1\u0159e jsem si vybrala kr\u00e1sn\u00fd z\u00e1jezd a \u0159ekla jsem si, \u017ee procestuji skoro celou Evropu. Tak\u017ee prvn\u011b jsem cestovala do Finska a taky do Norska. A mus\u00edm uznat, \u017ee hlavn\u011b Norsko, ale pak taky D\u00e1nsko, m\u011b velice nadchlo. A mi l\u00edb\u00ed se mi to, tak jsem \u0159ekla, \u017ee a\u017e m\u016fj syn bude taky v\u011bt\u0161\u00ed, \u017ee by mohl cestovat se mnou. Ale proto\u017ee syn byl dva t\u00fddny u sv\u00e9ho otce v It\u00e1lii, tak\u017ee j\u00e1 jsem si \u0159ekla, \u017ee ty dva t\u00fddny moc r\u00e1da procestuji. Bav\u00ed m\u011b to a j\u00e1 si mysl\u00edm, \u017ee syn bude asi po m\u011b, proto\u017ee m\u016fj syn u\u017e ve sv\u00fdch \u0161esti letech poprv\u00e9 cestoval, a to do It\u00e1lie za otcem, ale samoz\u0159ejm\u011b s babi\u010dkou. Nikdy bych do letadla syna takhle mal\u00e9ho samoz\u0159ejm\u011b v\u016fbec nepustila. A proto\u017ee babi\u010dka cestovala taky za svou rodinou do It\u00e1lie, proto\u017ee p\u0159edt\u00edm bydlela u m\u011b, tak jsem si \u0159ekla, \u017ee to bude dobr\u00fd start synovi do \u017eivota. A jak byste cestovali vy? J\u00e1 d\u00e1v\u00e1m p\u0159ednost letadlu,\u00a0ale\u00a0\u0159eknu v\u00e1m, \u017ee ze za\u010d\u00e1tku jsme se\u00a0opravdu\u00a0b\u00e1la, \u017ee budu m\u00edt sm\u016flu, a to letadlo se\u00a0mnou\u00a0spadne. Nyn\u00ed u\u017e l\u00e9t\u00e1m moc r\u00e1da a beze strachu.                                                                                                                                                                                                                                                                                                                                                                                        4.4\/5 - (9 votes)        "},{"@context":"https:\/\/schema.org\/","@type":"BreadcrumbList","itemListElement":[{"@type":"ListItem","position":1,"name":"Cestov\u00e1n\u00ed letadlem","item":"https:\/\/www.astevia.cz\/cestovani-letadlem\/#breadcrumbitem"}]}]