{"@context":"https:\/\/schema.org\/","@type":"CollectionPage","@id":"https:\/\/www.astevia.cz\/byt-a-dum\/#CollectionPage","headline":"Byt a d\u016fm Category","description":"","url":"https:\/\/www.astevia.cz\/byt-a-dum\/","hasPart":[{"@type":"Article","@id":"https:\/\/www.astevia.cz\/vyreste-sve-bydleni-elegantne\/","headline":"Vy\u0159e\u0161te sv\u00e9 bydlen\u00ed elegantn\u011b","url":"https:\/\/www.astevia.cz\/vyreste-sve-bydleni-elegantne\/","datePublished":"2020-09-16","dateModified":"2023-06-07","mainEntityOfPage":"https:\/\/www.astevia.cz\/vyreste-sve-bydleni-elegantne\/","author":{"@type":"Person","@id":"https:\/\/www.astevia.cz\/author\/#Person","name":"","url":"https:\/\/www.astevia.cz\/author\/","identifier":1,"image":{"@type":"ImageObject","@id":"https:\/\/secure.gravatar.com\/avatar\/89f417dfbb336d235b856435ef935ffa51c2f646edc1f5c4e6fccf32a9c88173?s=96&d=mm&r=g","url":"https:\/\/secure.gravatar.com\/avatar\/89f417dfbb336d235b856435ef935ffa51c2f646edc1f5c4e6fccf32a9c88173?s=96&d=mm&r=g","height":96,"width":96}},"publisher":{"@type":"Organization","name":"astevia.cz","logo":{"@type":"ImageObject","@id":"\/logo.png","url":"\/logo.png","width":600,"height":60}},"image":{"@type":"ImageObject","@id":"https:\/\/www.astevia.cz\/wp-content\/uploads\/Bydlen%C3%AD%20za%20p%C3%A1r%20babek.jpg","url":"https:\/\/www.astevia.cz\/wp-content\/uploads\/Bydlen%C3%AD%20za%20p%C3%A1r%20babek.jpg","height":0,"width":0},"keywords":null},{"@type":"Article","@id":"https:\/\/www.astevia.cz\/jak-podporit-podnikani\/","headline":"Jak podpo\u0159it podnik\u00e1n\u00ed?","url":"https:\/\/www.astevia.cz\/jak-podporit-podnikani\/","datePublished":"2020-04-19","dateModified":"2023-06-07","mainEntityOfPage":"https:\/\/www.astevia.cz\/jak-podporit-podnikani\/","author":{"@type":"Person","@id":"https:\/\/www.astevia.cz\/author\/#Person","name":"","url":"https:\/\/www.astevia.cz\/author\/","identifier":1,"image":{"@type":"ImageObject","@id":"https:\/\/secure.gravatar.com\/avatar\/89f417dfbb336d235b856435ef935ffa51c2f646edc1f5c4e6fccf32a9c88173?s=96&d=mm&r=g","url":"https:\/\/secure.gravatar.com\/avatar\/89f417dfbb336d235b856435ef935ffa51c2f646edc1f5c4e6fccf32a9c88173?s=96&d=mm&r=g","height":96,"width":96}},"publisher":{"@type":"Organization","name":"astevia.cz","logo":{"@type":"ImageObject","@id":"\/logo.png","url":"\/logo.png","width":600,"height":60}},"image":{"@type":"ImageObject","@id":"https:\/\/www.astevia.cz\/wp-content\/uploads\/platebn%C3%AD%20karta_1.png","url":"https:\/\/www.astevia.cz\/wp-content\/uploads\/platebn%C3%AD%20karta_1.png","height":0,"width":0},"keywords":null},{"@type":"Article","@id":"https:\/\/www.astevia.cz\/nova-kuchyn-v-lesklem-ci-matnem-havu\/","headline":"Nov\u00e1 kuchy\u0148 v leskl\u00e9m \u010di matn\u00e9m h\u00e1vu?","url":"https:\/\/www.astevia.cz\/nova-kuchyn-v-lesklem-ci-matnem-havu\/","datePublished":"2019-12-05","dateModified":"2023-06-07","mainEntityOfPage":"https:\/\/www.astevia.cz\/nova-kuchyn-v-lesklem-ci-matnem-havu\/","author":{"@type":"Person","@id":"https:\/\/www.astevia.cz\/author\/#Person","name":"","url":"https:\/\/www.astevia.cz\/author\/","identifier":1,"image":{"@type":"ImageObject","@id":"https:\/\/secure.gravatar.com\/avatar\/89f417dfbb336d235b856435ef935ffa51c2f646edc1f5c4e6fccf32a9c88173?s=96&d=mm&r=g","url":"https:\/\/secure.gravatar.com\/avatar\/89f417dfbb336d235b856435ef935ffa51c2f646edc1f5c4e6fccf32a9c88173?s=96&d=mm&r=g","height":96,"width":96}},"publisher":{"@type":"Organization","name":"astevia.cz","logo":{"@type":"ImageObject","@id":"\/logo.png","url":"\/logo.png","width":600,"height":60}},"image":{"@type":"ImageObject","@id":"https:\/\/www.astevia.cz\/wp-content\/uploads\/img_a364333_w4182_t1577098113.jpg","url":"https:\/\/www.astevia.cz\/wp-content\/uploads\/img_a364333_w4182_t1577098113.jpg","height":0,"width":0},"keywords":null},{"@type":"Article","@id":"https:\/\/www.astevia.cz\/pripravte-se\/","headline":"P\u0159ipravte se","url":"https:\/\/www.astevia.cz\/pripravte-se\/","datePublished":"2019-11-08","dateModified":"2023-06-07","mainEntityOfPage":"https:\/\/www.astevia.cz\/pripravte-se\/","author":{"@type":"Person","@id":"https:\/\/www.astevia.cz\/author\/#Person","name":"","url":"https:\/\/www.astevia.cz\/author\/","identifier":1,"image":{"@type":"ImageObject","@id":"https:\/\/secure.gravatar.com\/avatar\/89f417dfbb336d235b856435ef935ffa51c2f646edc1f5c4e6fccf32a9c88173?s=96&d=mm&r=g","url":"https:\/\/secure.gravatar.com\/avatar\/89f417dfbb336d235b856435ef935ffa51c2f646edc1f5c4e6fccf32a9c88173?s=96&d=mm&r=g","height":96,"width":96}},"publisher":{"@type":"Organization","name":"astevia.cz","logo":{"@type":"ImageObject","@id":"\/logo.png","url":"\/logo.png","width":600,"height":60}},"image":{"@type":"ImageObject","@id":"https:\/\/www.astevia.cz\/wp-content\/uploads\/img_a361020_w3760_t1574523355.jpg","url":"https:\/\/www.astevia.cz\/wp-content\/uploads\/img_a361020_w3760_t1574523355.jpg","height":0,"width":0},"keywords":null},{"@type":"Article","@id":"https:\/\/www.astevia.cz\/nachystejte-na-podzim-sebe-i-svuj-dum\/","headline":"Nachystejte na podzim sebe i sv\u016fj d\u016fm","url":"https:\/\/www.astevia.cz\/nachystejte-na-podzim-sebe-i-svuj-dum\/","datePublished":"2019-09-27","dateModified":"2023-06-07","mainEntityOfPage":"https:\/\/www.astevia.cz\/nachystejte-na-podzim-sebe-i-svuj-dum\/","author":{"@type":"Person","@id":"https:\/\/www.astevia.cz\/author\/#Person","name":"","url":"https:\/\/www.astevia.cz\/author\/","identifier":1,"image":{"@type":"ImageObject","@id":"https:\/\/secure.gravatar.com\/avatar\/89f417dfbb336d235b856435ef935ffa51c2f646edc1f5c4e6fccf32a9c88173?s=96&d=mm&r=g","url":"https:\/\/secure.gravatar.com\/avatar\/89f417dfbb336d235b856435ef935ffa51c2f646edc1f5c4e6fccf32a9c88173?s=96&d=mm&r=g","height":96,"width":96}},"publisher":{"@type":"Organization","name":"astevia.cz","logo":{"@type":"ImageObject","@id":"\/logo.png","url":"\/logo.png","width":600,"height":60}},"image":{"@type":"ImageObject","@id":"https:\/\/www.astevia.cz\/wp-content\/uploads\/img_a355434_w3760_t1569697451.jpg","url":"https:\/\/www.astevia.cz\/wp-content\/uploads\/img_a355434_w3760_t1569697451.jpg","height":0,"width":0},"keywords":null},{"@type":"Article","@id":"https:\/\/www.astevia.cz\/bezpecnostni-zasady-detskeho-pokojicku\/","headline":"Bezpe\u010dnostn\u00ed z\u00e1sady d\u011btsk\u00e9ho pokoj\u00ed\u010dku","url":"https:\/\/www.astevia.cz\/bezpecnostni-zasady-detskeho-pokojicku\/","datePublished":"2019-09-21","dateModified":"2023-06-07","mainEntityOfPage":"https:\/\/www.astevia.cz\/bezpecnostni-zasady-detskeho-pokojicku\/","author":{"@type":"Person","@id":"https:\/\/www.astevia.cz\/author\/#Person","name":"","url":"https:\/\/www.astevia.cz\/author\/","identifier":1,"image":{"@type":"ImageObject","@id":"https:\/\/secure.gravatar.com\/avatar\/89f417dfbb336d235b856435ef935ffa51c2f646edc1f5c4e6fccf32a9c88173?s=96&d=mm&r=g","url":"https:\/\/secure.gravatar.com\/avatar\/89f417dfbb336d235b856435ef935ffa51c2f646edc1f5c4e6fccf32a9c88173?s=96&d=mm&r=g","height":96,"width":96}},"publisher":{"@type":"Organization","name":"astevia.cz","logo":{"@type":"ImageObject","@id":"\/logo.png","url":"\/logo.png","width":600,"height":60}},"image":{"@type":"ImageObject","@id":"https:\/\/www.astevia.cz\/wp-content\/uploads\/img_a354149_w3760_t1568556813.jpg","url":"https:\/\/www.astevia.cz\/wp-content\/uploads\/img_a354149_w3760_t1568556813.jpg","height":0,"width":0},"keywords":null},{"@type":"Article","@id":"https:\/\/www.astevia.cz\/jak-se-stavelo-drive-a-jak-se-zije-dnes\/","headline":"Jak se stav\u011blo d\u0159\u00edve a jak se \u017eije dnes","url":"https:\/\/www.astevia.cz\/jak-se-stavelo-drive-a-jak-se-zije-dnes\/","datePublished":"2019-09-13","dateModified":"2019-09-13","mainEntityOfPage":"https:\/\/www.astevia.cz\/jak-se-stavelo-drive-a-jak-se-zije-dnes\/","author":{"@type":"Person","@id":"https:\/\/www.astevia.cz\/author\/#Person","name":"","url":"https:\/\/www.astevia.cz\/author\/","identifier":1,"image":{"@type":"ImageObject","@id":"https:\/\/secure.gravatar.com\/avatar\/89f417dfbb336d235b856435ef935ffa51c2f646edc1f5c4e6fccf32a9c88173?s=96&d=mm&r=g","url":"https:\/\/secure.gravatar.com\/avatar\/89f417dfbb336d235b856435ef935ffa51c2f646edc1f5c4e6fccf32a9c88173?s=96&d=mm&r=g","height":96,"width":96}},"publisher":{"@type":"Organization","name":"astevia.cz","logo":{"@type":"ImageObject","@id":"\/logo.png","url":"\/logo.png","width":600,"height":60}},"image":{"@type":"ImageObject","@id":"https:\/\/www.astevia.cz\/wp-content\/uploads\/img_a355077_w3708_t1569508829.jpg","url":"https:\/\/www.astevia.cz\/wp-content\/uploads\/img_a355077_w3708_t1569508829.jpg","height":0,"width":0},"keywords":null},{"@type":"Article","@id":"https:\/\/www.astevia.cz\/mobilheim-pro-kazdy-druh-bydleni\/","headline":"Mobilheim pro ka\u017ed\u00fd druh bydlen\u00ed","url":"https:\/\/www.astevia.cz\/mobilheim-pro-kazdy-druh-bydleni\/","datePublished":"2018-11-26","dateModified":"2023-06-07","mainEntityOfPage":"https:\/\/www.astevia.cz\/mobilheim-pro-kazdy-druh-bydleni\/","author":{"@type":"Person","@id":"https:\/\/www.astevia.cz\/author\/#Person","name":"","url":"https:\/\/www.astevia.cz\/author\/","identifier":1,"image":{"@type":"ImageObject","@id":"https:\/\/secure.gravatar.com\/avatar\/89f417dfbb336d235b856435ef935ffa51c2f646edc1f5c4e6fccf32a9c88173?s=96&d=mm&r=g","url":"https:\/\/secure.gravatar.com\/avatar\/89f417dfbb336d235b856435ef935ffa51c2f646edc1f5c4e6fccf32a9c88173?s=96&d=mm&r=g","height":96,"width":96}},"publisher":{"@type":"Organization","name":"astevia.cz","logo":{"@type":"ImageObject","@id":"\/logo.png","url":"\/logo.png","width":600,"height":60}},"image":{"@type":"ImageObject","@id":"https:\/\/www.astevia.cz\/wp-content\/uploads\/img_a331103_w1743_t1543443674.jpg","url":"https:\/\/www.astevia.cz\/wp-content\/uploads\/img_a331103_w1743_t1543443674.jpg","height":0,"width":0},"keywords":null},{"@type":"Article","@id":"https:\/\/www.astevia.cz\/spravny-vyber-postele-je-skutecnou-vyhrou\/","headline":"Spr\u00e1vn\u00fd v\u00fdb\u011br postele je skute\u010dnou v\u00fdhrou","url":"https:\/\/www.astevia.cz\/spravny-vyber-postele-je-skutecnou-vyhrou\/","datePublished":"2018-11-09","dateModified":"2023-06-07","mainEntityOfPage":"https:\/\/www.astevia.cz\/spravny-vyber-postele-je-skutecnou-vyhrou\/","author":{"@type":"Person","@id":"https:\/\/www.astevia.cz\/author\/#Person","name":"","url":"https:\/\/www.astevia.cz\/author\/","identifier":1,"image":{"@type":"ImageObject","@id":"https:\/\/secure.gravatar.com\/avatar\/89f417dfbb336d235b856435ef935ffa51c2f646edc1f5c4e6fccf32a9c88173?s=96&d=mm&r=g","url":"https:\/\/secure.gravatar.com\/avatar\/89f417dfbb336d235b856435ef935ffa51c2f646edc1f5c4e6fccf32a9c88173?s=96&d=mm&r=g","height":96,"width":96}},"publisher":{"@type":"Organization","name":"astevia.cz","logo":{"@type":"ImageObject","@id":"\/logo.png","url":"\/logo.png","width":600,"height":60}},"image":{"@type":"ImageObject","@id":"https:\/\/www.astevia.cz\/wp-content\/uploads\/img_a333652_w1723_t1547068630.jpg","url":"https:\/\/www.astevia.cz\/wp-content\/uploads\/img_a333652_w1723_t1547068630.jpg","height":0,"width":0},"keywords":null},{"@type":"Article","@id":"https:\/\/www.astevia.cz\/vyzbrojte-se-spravnymi-prostredky-pro-udrzbu-bazenu\/","headline":"Vyzbrojte se spr\u00e1vn\u00fdmi prost\u0159edky pro \u00fadr\u017ebu baz\u00e9nu","url":"https:\/\/www.astevia.cz\/vyzbrojte-se-spravnymi-prostredky-pro-udrzbu-bazenu\/","datePublished":"2017-03-27","dateModified":"2024-06-24","mainEntityOfPage":"https:\/\/www.astevia.cz\/vyzbrojte-se-spravnymi-prostredky-pro-udrzbu-bazenu\/","author":{"@type":"Person","@id":"https:\/\/www.astevia.cz\/author\/#Person","name":"","url":"https:\/\/www.astevia.cz\/author\/","identifier":1,"image":{"@type":"ImageObject","@id":"https:\/\/secure.gravatar.com\/avatar\/89f417dfbb336d235b856435ef935ffa51c2f646edc1f5c4e6fccf32a9c88173?s=96&d=mm&r=g","url":"https:\/\/secure.gravatar.com\/avatar\/89f417dfbb336d235b856435ef935ffa51c2f646edc1f5c4e6fccf32a9c88173?s=96&d=mm&r=g","height":96,"width":96}},"publisher":{"@type":"Organization","name":"astevia.cz","logo":{"@type":"ImageObject","@id":"\/logo.png","url":"\/logo.png","width":600,"height":60}},"image":null,"keywords":null}]}